{"id":344,"date":"2024-04-09T07:24:34","date_gmt":"2024-04-09T07:24:34","guid":{"rendered":"https:\/\/fitnesscloud.me\/?p=344"},"modified":"2024-05-04T18:05:08","modified_gmt":"2024-05-04T18:05:08","slug":"dina-vrbica","status":"publish","type":"post","link":"https:\/\/djinavrbica.me\/?p=344","title":{"rendered":"8. \u0110ina Vrbica"},"content":{"rendered":"[et_pb_section fb_built=&#8221;1&#8243; admin_label=&#8221;section&#8221; _builder_version=&#8221;4.16&#8243; global_colors_info=&#8221;{}&#8221;][et_pb_row admin_label=&#8221;row&#8221; _builder_version=&#8221;4.16&#8243; background_size=&#8221;initial&#8221; background_position=&#8221;top_left&#8221; background_repeat=&#8221;repeat&#8221; global_colors_info=&#8221;{}&#8221;][et_pb_column type=&#8221;4_4&#8243; _builder_version=&#8221;4.16&#8243; custom_padding=&#8221;|||&#8221; global_colors_info=&#8221;{}&#8221; custom_padding__hover=&#8221;|||&#8221;][et_pb_text admin_label=&#8221;Text&#8221; _builder_version=&#8221;4.16&#8243; background_size=&#8221;initial&#8221; background_position=&#8221;top_left&#8221; background_repeat=&#8221;repeat&#8221; global_colors_info=&#8221;{}&#8221;]\n<h5 class=\"wp-block-heading\">Vi\u0161e informacija o vaspitnoj jedinici<\/h5>\n\n\n\n<p>VJ \u201e<strong>\u0110ina Vrbica<\/strong>\u201c ima povr\u0161inu od 1265.81 m\u00b2 i locirana je na Bulevaru Save Kova\u010devi\u0107a bb. U objektu se nalazi 17 vaspitnih grupa-7 grupa djece jaslenog (do 3 godine)&nbsp;&nbsp;i 10 grupa djece vrti\u0107kog uzrasta (3-6 godina). VJ \u201e\u0110ina Vrbica\u201c u \u0161kolskoj 2022\/23. godini nastavlja program Eko \u0161kole.<\/p>\n\n\n\n<figure class=\"wp-block-image\"><img decoding=\"async\" src=\"https:\/\/djinavrbica.me\/wp-content\/uploads\/2022\/10\/EKO-SKOLA-LOGO.jpg\" alt=\"\"\/><\/figure>\n[\/et_pb_text][\/et_pb_column][\/et_pb_row][\/et_pb_section][et_pb_section fb_built=&#8221;1&#8243; _builder_version=&#8221;4.24.3&#8243; _module_preset=&#8221;default&#8221; global_colors_info=&#8221;{}&#8221;][et_pb_row _builder_version=&#8221;4.24.3&#8243; _module_preset=&#8221;default&#8221; global_colors_info=&#8221;{}&#8221;][et_pb_column type=&#8221;4_4&#8243; _builder_version=&#8221;4.24.3&#8243; _module_preset=&#8221;default&#8221; global_colors_info=&#8221;{}&#8221;][et_pb_gallery gallery_ids=&#8221;640,641,642,643,644,645,646&#8243; posts_number=&#8221;10&#8243; show_title_and_caption=&#8221;off&#8221; show_pagination=&#8221;off&#8221; _builder_version=&#8221;4.24.3&#8243; _module_preset=&#8221;default&#8221; global_colors_info=&#8221;{}&#8221;][\/et_pb_gallery][\/et_pb_column][\/et_pb_row][\/et_pb_section]","protected":false},"excerpt":{"rendered":"<p>Vi\u0161e informacija o vaspitnoj jedinici VJ \u201e\u0110ina Vrbica\u201c ima povr\u0161inu od 1265.81 m\u00b2 i locirana je na Bulevaru Save Kova\u010devi\u0107a bb. U objektu se nalazi 17 vaspitnih grupa-7 grupa djece jaslenog (do 3 godine)&nbsp;&nbsp;i 10 grupa djece vrti\u0107kog uzrasta (3-6 godina). VJ \u201e\u0110ina Vrbica\u201c u \u0161kolskoj 2022\/23. godini nastavlja program Eko \u0161kole.<\/p>\n","protected":false},"author":1,"featured_media":645,"comment_status":"open","ping_status":"open","sticky":false,"template":"","format":"standard","meta":{"_acf_changed":false,"_et_pb_use_builder":"on","_et_pb_old_content":"<!-- wp:heading {\"level\":5} -->\r\n<h5 class=\"wp-block-heading\">Vi\u0161e informacija o vaspitnoj jedinici<\/h5>\r\n<!-- \/wp:heading -->\r\n\r\n<!-- wp:paragraph -->\r\n<p>VJ \u201e<strong>\u0110ina Vrbica<\/strong>\u201c ima povr\u0161inu od 1265.81 m\u00b2 i locirana je na Bulevaru Save Kova\u010devi\u0107a bb. U objektu se nalazi 17 vaspitnih grupa-7 grupa djece jaslenog (do 3 godine)\u00a0\u00a0i 10 grupa djece vrti\u0107kog uzrasta (3-6 godina). VJ \u201e\u0110ina Vrbica\u201c u \u0161kolskoj 2022\/23. godini nastavlja program Eko \u0161kole.<\/p>\r\n<!-- \/wp:paragraph -->\r\n\r\n<!-- wp:image -->\r\n<figure class=\"wp-block-image\"><img src=\"https:\/\/djinavrbica.me\/wp-content\/uploads\/2022\/10\/EKO-SKOLA-LOGO.jpg\" alt=\"\"\/><\/figure>\r\n<!-- \/wp:image -->","_et_gb_content_width":"","footnotes":""},"categories":[28],"tags":[],"class_list":["post-344","post","type-post","status-publish","format-standard","has-post-thumbnail","hentry","category-vaspitne-jedinice"],"acf":[],"_links":{"self":[{"href":"https:\/\/djinavrbica.me\/index.php?rest_route=\/wp\/v2\/posts\/344","targetHints":{"allow":["GET"]}}],"collection":[{"href":"https:\/\/djinavrbica.me\/index.php?rest_route=\/wp\/v2\/posts"}],"about":[{"href":"https:\/\/djinavrbica.me\/index.php?rest_route=\/wp\/v2\/types\/post"}],"author":[{"embeddable":true,"href":"https:\/\/djinavrbica.me\/index.php?rest_route=\/wp\/v2\/users\/1"}],"replies":[{"embeddable":true,"href":"https:\/\/djinavrbica.me\/index.php?rest_route=%2Fwp%2Fv2%2Fcomments&post=344"}],"version-history":[{"count":5,"href":"https:\/\/djinavrbica.me\/index.php?rest_route=\/wp\/v2\/posts\/344\/revisions"}],"predecessor-version":[{"id":760,"href":"https:\/\/djinavrbica.me\/index.php?rest_route=\/wp\/v2\/posts\/344\/revisions\/760"}],"wp:featuredmedia":[{"embeddable":true,"href":"https:\/\/djinavrbica.me\/index.php?rest_route=\/wp\/v2\/media\/645"}],"wp:attachment":[{"href":"https:\/\/djinavrbica.me\/index.php?rest_route=%2Fwp%2Fv2%2Fmedia&parent=344"}],"wp:term":[{"taxonomy":"category","embeddable":true,"href":"https:\/\/djinavrbica.me\/index.php?rest_route=%2Fwp%2Fv2%2Fcategories&post=344"},{"taxonomy":"post_tag","embeddable":true,"href":"https:\/\/djinavrbica.me\/index.php?rest_route=%2Fwp%2Fv2%2Ftags&post=344"}],"curies":[{"name":"wp","href":"https:\/\/api.w.org\/{rel}","templated":true}]}}